{"id":684,"date":"2015-05-15T15:02:46","date_gmt":"2015-05-15T13:02:46","guid":{"rendered":"https:\/\/wergi.pl\/?p=684"},"modified":"2019-02-05T18:58:37","modified_gmt":"2019-02-05T17:58:37","slug":"walka-na-max-muay-thai-juz-za-tydzien","status":"publish","type":"post","link":"https:\/\/wergi.pl\/en\/walka-na-max-muay-thai-juz-za-tydzien\/","title":{"rendered":"Fight for Max Muay Thai in a week!"},"content":{"rendered":"<p>24\/05\/2015 Pawe\u0142 J\u0119drzejczyk will perform at the prestigious Max Muay Thai gala in Thailand. Wergi is preparing for battle in the famous Sasiprapa Gym. We present extensive photoreports in the Gallery-Before Max Muay Thai event and video from the training. Enjoy!<\/p>\n<p><img decoding=\"async\" loading=\"lazy\" class=\"size-full wp-image-685 aligncenter\" src=\"https:\/\/wergi.pl\/wp-content\/uploads\/2018\/12\/11227581_959833270717447_5532147703220624926_n.jpg\" alt=\"\" width=\"960\" height=\"540\" srcset=\"https:\/\/wergi.pl\/wp-content\/uploads\/2018\/12\/11227581_959833270717447_5532147703220624926_n.jpg 960w, https:\/\/wergi.pl\/wp-content\/uploads\/2018\/12\/11227581_959833270717447_5532147703220624926_n-450x253.jpg 450w, https:\/\/wergi.pl\/wp-content\/uploads\/2018\/12\/11227581_959833270717447_5532147703220624926_n-768x432.jpg 768w\" sizes=\"(max-width: 960px) 100vw, 960px\" \/><\/p>\n<p><img decoding=\"async\" loading=\"lazy\" class=\"wp-image-686 size-full aligncenter\" src=\"https:\/\/wergi.pl\/wp-content\/uploads\/2018\/12\/10857732_961521960548578_1631165527042268686_n.jpg\" alt=\"\" width=\"768\" height=\"768\" srcset=\"https:\/\/wergi.pl\/wp-content\/uploads\/2018\/12\/10857732_961521960548578_1631165527042268686_n.jpg 768w, https:\/\/wergi.pl\/wp-content\/uploads\/2018\/12\/10857732_961521960548578_1631165527042268686_n-200x200.jpg 200w, https:\/\/wergi.pl\/wp-content\/uploads\/2018\/12\/10857732_961521960548578_1631165527042268686_n-450x450.jpg 450w\" sizes=\"(max-width: 768px) 100vw, 768px\" \/><\/p>\n<p><img decoding=\"async\" loading=\"lazy\" class=\"size-full wp-image-687 aligncenter\" src=\"https:\/\/wergi.pl\/wp-content\/uploads\/2018\/12\/11188200_959398490760925_3225239219469426265_n.jpg\" alt=\"\" width=\"768\" height=\"768\" srcset=\"https:\/\/wergi.pl\/wp-content\/uploads\/2018\/12\/11188200_959398490760925_3225239219469426265_n.jpg 768w, https:\/\/wergi.pl\/wp-content\/uploads\/2018\/12\/11188200_959398490760925_3225239219469426265_n-200x200.jpg 200w, https:\/\/wergi.pl\/wp-content\/uploads\/2018\/12\/11188200_959398490760925_3225239219469426265_n-450x450.jpg 450w\" sizes=\"(max-width: 768px) 100vw, 768px\" \/><\/p>\n<p><iframe loading=\"lazy\" width=\"500\" height=\"375\" src=\"https:\/\/www.youtube.com\/embed\/Emg1FcAS9-o?feature=oembed\" frameborder=\"0\" allow=\"accelerometer; autoplay; encrypted-media; gyroscope; picture-in-picture\" allowfullscreen><\/iframe><\/p>\n","protected":false},"excerpt":{"rendered":"<p>24\/05\/2015 Pawe\u0142 J\u0119drzejczyk will perform at the prestigious Max Muay Thai gala in Thailand. Wergi is preparing for battle in the famous Sasiprapa Gym. We present extensive photoreports in the Gallery-Before Max Muay Thai event and video from the training. Enjoy!<\/p>\n","protected":false},"author":3,"featured_media":685,"comment_status":"closed","ping_status":"closed","sticky":false,"template":"","format":"standard","meta":{"ngg_post_thumbnail":0,"footnotes":""},"categories":[1],"tags":[],"acf":[],"yoast_head":"<!-- This site is optimized with the Yoast SEO plugin v21.3 - https:\/\/yoast.com\/wordpress\/plugins\/seo\/ -->\n<title>Fight for Max Muay Thai in a week! - Pawe\u0142 WERGI J\u0119drzejczyk<\/title>\n<meta name=\"robots\" content=\"index, follow, max-snippet:-1, max-image-preview:large, max-video-preview:-1\" \/>\n<link rel=\"canonical\" href=\"https:\/\/wergi.pl\/walka-na-max-muay-thai-juz-za-tydzien\/\" \/>\n<meta property=\"og:locale\" content=\"en_US\" \/>\n<meta property=\"og:type\" content=\"article\" \/>\n<meta property=\"og:title\" content=\"Fight for Max Muay Thai in a week!\" \/>\n<meta property=\"og:description\" content=\"24\/05\/2015 Pawe\u0142 J\u0119drzejczyk will perform at the prestigious Max Muay Thai gala in Thailand. Wergi is preparing for battle in the famous Sasiprapa Gym. We present extensive photoreports in the Gallery-Before Max Muay Thai event and video from the training. Enjoy!\" \/>\n<meta property=\"og:url\" content=\"https:\/\/wergi.pl\/walka-na-max-muay-thai-juz-za-tydzien\/\" \/>\n<meta property=\"og:site_name\" content=\"Pawe\u0142 WERGI J\u0119drzejczyk\" \/>\n<meta property=\"article:publisher\" content=\"https:\/\/www.facebook.com\/pawel.jedrzejczyk2\" \/>\n<meta property=\"article:published_time\" content=\"2015-05-15T13:02:46+00:00\" \/>\n<meta property=\"article:modified_time\" content=\"2019-02-05T17:58:37+00:00\" \/>\n<meta property=\"og:image\" content=\"https:\/\/wergi.pl\/wp-content\/uploads\/2018\/12\/11227581_959833270717447_5532147703220624926_n.jpg\" \/>\n\t<meta property=\"og:image:width\" content=\"960\" \/>\n\t<meta property=\"og:image:height\" content=\"540\" \/>\n\t<meta property=\"og:image:type\" content=\"image\/jpeg\" \/>\n<meta name=\"author\" content=\"Damian Chmielewski\" \/>\n<meta name=\"twitter:card\" content=\"summary_large_image\" \/>\n<meta name=\"twitter:label1\" content=\"Written by\" \/>\n\t<meta name=\"twitter:data1\" content=\"Damian Chmielewski\" \/>\n<script type=\"application\/ld+json\" class=\"yoast-schema-graph\">{\"@context\":\"https:\/\/schema.org\",\"@graph\":[{\"@type\":\"Article\",\"@id\":\"https:\/\/wergi.pl\/walka-na-max-muay-thai-juz-za-tydzien\/#article\",\"isPartOf\":{\"@id\":\"https:\/\/wergi.pl\/walka-na-max-muay-thai-juz-za-tydzien\/\"},\"author\":{\"name\":\"Damian Chmielewski\",\"@id\":\"https:\/\/wergi.pl\/#\/schema\/person\/03de2f2ac984ac537a6e090d63f70f19\"},\"headline\":\"Fight for Max Muay Thai in a week!\",\"datePublished\":\"2015-05-15T13:02:46+00:00\",\"dateModified\":\"2019-02-05T17:58:37+00:00\",\"mainEntityOfPage\":{\"@id\":\"https:\/\/wergi.pl\/walka-na-max-muay-thai-juz-za-tydzien\/\"},\"wordCount\":111,\"publisher\":{\"@id\":\"https:\/\/wergi.pl\/#organization\"},\"articleSection\":[\"Bez kategorii\"],\"inLanguage\":\"en-US\"},{\"@type\":\"WebPage\",\"@id\":\"https:\/\/wergi.pl\/walka-na-max-muay-thai-juz-za-tydzien\/\",\"url\":\"https:\/\/wergi.pl\/walka-na-max-muay-thai-juz-za-tydzien\/\",\"name\":\"[:pl]Walka na Max Muay Thai juz za tydzie\u0144![:en]Fight for Max Muay Thai in a week![:] - Pawe\u0142 WERGI J\u0119drzejczyk\",\"isPartOf\":{\"@id\":\"https:\/\/wergi.pl\/#website\"},\"datePublished\":\"2015-05-15T13:02:46+00:00\",\"dateModified\":\"2019-02-05T17:58:37+00:00\",\"breadcrumb\":{\"@id\":\"https:\/\/wergi.pl\/walka-na-max-muay-thai-juz-za-tydzien\/#breadcrumb\"},\"inLanguage\":\"en-US\",\"potentialAction\":[{\"@type\":\"ReadAction\",\"target\":[\"https:\/\/wergi.pl\/walka-na-max-muay-thai-juz-za-tydzien\/\"]}]},{\"@type\":\"BreadcrumbList\",\"@id\":\"https:\/\/wergi.pl\/walka-na-max-muay-thai-juz-za-tydzien\/#breadcrumb\",\"itemListElement\":[{\"@type\":\"ListItem\",\"position\":1,\"name\":\"Strona g\u0142\u00f3wna\",\"item\":\"https:\/\/wergi.pl\/\"},{\"@type\":\"ListItem\",\"position\":2,\"name\":\"Walka na Max Muay Thai juz za tydzie\u0144!\"}]},{\"@type\":\"WebSite\",\"@id\":\"https:\/\/wergi.pl\/#website\",\"url\":\"https:\/\/wergi.pl\/\",\"name\":\"Pawe\u0142 WERGI J\u0119drzejczyk\",\"description\":\"5 x Muay Thai, Kickboxing, K1 World Champion - WKN\/WKA\",\"publisher\":{\"@id\":\"https:\/\/wergi.pl\/#organization\"},\"potentialAction\":[{\"@type\":\"SearchAction\",\"target\":{\"@type\":\"EntryPoint\",\"urlTemplate\":\"https:\/\/wergi.pl\/?s={search_term_string}\"},\"query-input\":\"required name=search_term_string\"}],\"inLanguage\":\"en-US\"},{\"@type\":\"Organization\",\"@id\":\"https:\/\/wergi.pl\/#organization\",\"name\":\"Pawe\u0142 WERGI J\u0119drzejczyk\",\"url\":\"https:\/\/wergi.pl\/\",\"logo\":{\"@type\":\"ImageObject\",\"inLanguage\":\"en-US\",\"@id\":\"https:\/\/wergi.pl\/#\/schema\/logo\/image\/\",\"url\":\"https:\/\/wergi.pl\/wp-content\/uploads\/2019\/06\/wergigym.png\",\"contentUrl\":\"https:\/\/wergi.pl\/wp-content\/uploads\/2019\/06\/wergigym.png\",\"width\":95,\"height\":80,\"caption\":\"Pawe\u0142 WERGI J\u0119drzejczyk\"},\"image\":{\"@id\":\"https:\/\/wergi.pl\/#\/schema\/logo\/image\/\"},\"sameAs\":[\"https:\/\/www.facebook.com\/pawel.jedrzejczyk2\",\"https:\/\/www.instagram.com\/wergii\/\",\"https:\/\/www.youtube.com\/user\/kickeros12\"]},{\"@type\":\"Person\",\"@id\":\"https:\/\/wergi.pl\/#\/schema\/person\/03de2f2ac984ac537a6e090d63f70f19\",\"name\":\"Damian Chmielewski\"}]}<\/script>\n<!-- \/ Yoast SEO plugin. -->","yoast_head_json":{"title":"Fight for Max Muay Thai in a week! - Pawe\u0142 WERGI J\u0119drzejczyk","robots":{"index":"index","follow":"follow","max-snippet":"max-snippet:-1","max-image-preview":"max-image-preview:large","max-video-preview":"max-video-preview:-1"},"canonical":"https:\/\/wergi.pl\/walka-na-max-muay-thai-juz-za-tydzien\/","og_locale":"en_US","og_type":"article","og_title":"[:pl]Walka na Max Muay Thai juz za tydzie\u0144![:en]Fight for Max Muay Thai in a week![:] - Pawe\u0142 WERGI J\u0119drzejczyk","og_description":"[:pl]24.05.2015 Pawe\u0142 J\u0119drzejczyk wyst\u0105pi na presti\u017cowej gali Max Muay Thai w Tajlandii. Wergi do walki przygotowuje si\u0119 w s\u0142ynnym Sasiprapa Gym .Przedstawiamy obszerna fotorelacje w Galerii-Before Max Muay Thai event i video z treningu. Enjoy![:en]24\/05\/2015 Pawe\u0142 J\u0119drzejczyk will perform at the prestigious Max Muay Thai gala in Thailand. Wergi is preparing for battle in the famous Sasiprapa Gym. We present extensive photoreports in the Gallery-Before Max Muay Thai event and video from the training. Enjoy![:]","og_url":"https:\/\/wergi.pl\/walka-na-max-muay-thai-juz-za-tydzien\/","og_site_name":"Pawe\u0142 WERGI J\u0119drzejczyk","article_publisher":"https:\/\/www.facebook.com\/pawel.jedrzejczyk2","article_published_time":"2015-05-15T13:02:46+00:00","article_modified_time":"2019-02-05T17:58:37+00:00","og_image":[{"width":960,"height":540,"url":"https:\/\/wergi.pl\/wp-content\/uploads\/2018\/12\/11227581_959833270717447_5532147703220624926_n.jpg","type":"image\/jpeg"}],"author":"Damian Chmielewski","twitter_card":"summary_large_image","twitter_misc":{"Written by":"Damian Chmielewski"},"schema":{"@context":"https:\/\/schema.org","@graph":[{"@type":"Article","@id":"https:\/\/wergi.pl\/walka-na-max-muay-thai-juz-za-tydzien\/#article","isPartOf":{"@id":"https:\/\/wergi.pl\/walka-na-max-muay-thai-juz-za-tydzien\/"},"author":{"name":"Damian Chmielewski","@id":"https:\/\/wergi.pl\/#\/schema\/person\/03de2f2ac984ac537a6e090d63f70f19"},"headline":"Fight for Max Muay Thai in a week!","datePublished":"2015-05-15T13:02:46+00:00","dateModified":"2019-02-05T17:58:37+00:00","mainEntityOfPage":{"@id":"https:\/\/wergi.pl\/walka-na-max-muay-thai-juz-za-tydzien\/"},"wordCount":111,"publisher":{"@id":"https:\/\/wergi.pl\/#organization"},"articleSection":["Bez kategorii"],"inLanguage":"en-US"},{"@type":"WebPage","@id":"https:\/\/wergi.pl\/walka-na-max-muay-thai-juz-za-tydzien\/","url":"https:\/\/wergi.pl\/walka-na-max-muay-thai-juz-za-tydzien\/","name":"[:pl]Walka na Max Muay Thai juz za tydzie\u0144![:en]Fight for Max Muay Thai in a week![:] - Pawe\u0142 WERGI J\u0119drzejczyk","isPartOf":{"@id":"https:\/\/wergi.pl\/#website"},"datePublished":"2015-05-15T13:02:46+00:00","dateModified":"2019-02-05T17:58:37+00:00","breadcrumb":{"@id":"https:\/\/wergi.pl\/walka-na-max-muay-thai-juz-za-tydzien\/#breadcrumb"},"inLanguage":"en-US","potentialAction":[{"@type":"ReadAction","target":["https:\/\/wergi.pl\/walka-na-max-muay-thai-juz-za-tydzien\/"]}]},{"@type":"BreadcrumbList","@id":"https:\/\/wergi.pl\/walka-na-max-muay-thai-juz-za-tydzien\/#breadcrumb","itemListElement":[{"@type":"ListItem","position":1,"name":"Strona g\u0142\u00f3wna","item":"https:\/\/wergi.pl\/"},{"@type":"ListItem","position":2,"name":"Walka na Max Muay Thai juz za tydzie\u0144!"}]},{"@type":"WebSite","@id":"https:\/\/wergi.pl\/#website","url":"https:\/\/wergi.pl\/","name":"Pawe\u0142 WERGI J\u0119drzejczyk","description":"5 x Muay Thai, Kickboxing, K1 World Champion - WKN\/WKA","publisher":{"@id":"https:\/\/wergi.pl\/#organization"},"potentialAction":[{"@type":"SearchAction","target":{"@type":"EntryPoint","urlTemplate":"https:\/\/wergi.pl\/?s={search_term_string}"},"query-input":"required name=search_term_string"}],"inLanguage":"en-US"},{"@type":"Organization","@id":"https:\/\/wergi.pl\/#organization","name":"Pawe\u0142 WERGI J\u0119drzejczyk","url":"https:\/\/wergi.pl\/","logo":{"@type":"ImageObject","inLanguage":"en-US","@id":"https:\/\/wergi.pl\/#\/schema\/logo\/image\/","url":"https:\/\/wergi.pl\/wp-content\/uploads\/2019\/06\/wergigym.png","contentUrl":"https:\/\/wergi.pl\/wp-content\/uploads\/2019\/06\/wergigym.png","width":95,"height":80,"caption":"Pawe\u0142 WERGI J\u0119drzejczyk"},"image":{"@id":"https:\/\/wergi.pl\/#\/schema\/logo\/image\/"},"sameAs":["https:\/\/www.facebook.com\/pawel.jedrzejczyk2","https:\/\/www.instagram.com\/wergii\/","https:\/\/www.youtube.com\/user\/kickeros12"]},{"@type":"Person","@id":"https:\/\/wergi.pl\/#\/schema\/person\/03de2f2ac984ac537a6e090d63f70f19","name":"Damian Chmielewski"}]}},"_links":{"self":[{"href":"https:\/\/wergi.pl\/en\/wp-json\/wp\/v2\/posts\/684"}],"collection":[{"href":"https:\/\/wergi.pl\/en\/wp-json\/wp\/v2\/posts"}],"about":[{"href":"https:\/\/wergi.pl\/en\/wp-json\/wp\/v2\/types\/post"}],"author":[{"embeddable":true,"href":"https:\/\/wergi.pl\/en\/wp-json\/wp\/v2\/users\/3"}],"replies":[{"embeddable":true,"href":"https:\/\/wergi.pl\/en\/wp-json\/wp\/v2\/comments?post=684"}],"version-history":[{"count":0,"href":"https:\/\/wergi.pl\/en\/wp-json\/wp\/v2\/posts\/684\/revisions"}],"wp:featuredmedia":[{"embeddable":true,"href":"https:\/\/wergi.pl\/en\/wp-json\/wp\/v2\/media\/685"}],"wp:attachment":[{"href":"https:\/\/wergi.pl\/en\/wp-json\/wp\/v2\/media?parent=684"}],"wp:term":[{"taxonomy":"category","embeddable":true,"href":"https:\/\/wergi.pl\/en\/wp-json\/wp\/v2\/categories?post=684"},{"taxonomy":"post_tag","embeddable":true,"href":"https:\/\/wergi.pl\/en\/wp-json\/wp\/v2\/tags?post=684"}],"curies":[{"name":"wp","href":"https:\/\/api.w.org\/{rel}","templated":true}]}}