{"id":724,"date":"2015-09-13T17:41:39","date_gmt":"2015-09-13T15:41:39","guid":{"rendered":"https:\/\/wergi.pl\/?p=724"},"modified":"2019-03-06T13:22:33","modified_gmt":"2019-03-06T12:22:33","slug":"mfc8-after-fight","status":"publish","type":"post","link":"https:\/\/wergi.pl\/en\/mfc8-after-fight\/","title":{"rendered":"MFC8 &#8211; after fight!"},"content":{"rendered":"<p>12\/09\/2015 Pawe\u0142 fought another professional fight. After three hard rounds, Wergi lost by the decision of the judges. Young Dutchman with great physical conditions worked very well with his knees&#8230;<\/p>\n<p>This Saturday Pawe\u0142 lost his fight by points with Dutch prospect Eyevan Dannenberg from Petres Gym. It was close match but opponent work very smart with his knees. Dannenberg is 193 cm tall so he has perfect conditions in 80kg weight category. The crowd enjoyed the fight. Wergi is thinking about ramatch someday but now he will fight in his hometown Wroc\u0142aw for WMC Muay Thai World Tiltle 24 October. One week break and he is coming back to the gym. More info soon!<\/p>\n<p>More photos you can see <a href=\"https:\/\/wergi.pl\/galeria\/walki\/?type=gallery&#038;gallery_id=28&#038;album_id=49\">here<\/a><\/p>\n<p><img decoding=\"async\" loading=\"lazy\" class=\"size-full wp-image-726 aligncenter\" src=\"https:\/\/wergi.pl\/wp-content\/uploads\/2018\/12\/DSC5609.jpg\" alt=\"\" width=\"1024\" height=\"682\" srcset=\"https:\/\/wergi.pl\/wp-content\/uploads\/2018\/12\/DSC5609.jpg 1024w, https:\/\/wergi.pl\/wp-content\/uploads\/2018\/12\/DSC5609-450x300.jpg 450w, https:\/\/wergi.pl\/wp-content\/uploads\/2018\/12\/DSC5609-768x512.jpg 768w\" sizes=\"(max-width: 1024px) 100vw, 1024px\" \/> <img decoding=\"async\" loading=\"lazy\" class=\"alignnone size-full wp-image-725 aligncenter\" src=\"https:\/\/wergi.pl\/wp-content\/uploads\/2018\/12\/Kickboxing-MMA-MFC8-14.jpg\" alt=\"\" width=\"1024\" height=\"683\" srcset=\"https:\/\/wergi.pl\/wp-content\/uploads\/2018\/12\/Kickboxing-MMA-MFC8-14.jpg 1024w, https:\/\/wergi.pl\/wp-content\/uploads\/2018\/12\/Kickboxing-MMA-MFC8-14-450x300.jpg 450w, https:\/\/wergi.pl\/wp-content\/uploads\/2018\/12\/Kickboxing-MMA-MFC8-14-768x512.jpg 768w\" sizes=\"(max-width: 1024px) 100vw, 1024px\" \/><\/p>\n<p>&nbsp;<\/p>\n<p><iframe loading=\"lazy\" width=\"500\" height=\"281\" src=\"https:\/\/www.youtube.com\/embed\/7jilN01VyuQ?feature=oembed\" frameborder=\"0\" allow=\"accelerometer; autoplay; encrypted-media; gyroscope; picture-in-picture\" allowfullscreen><\/iframe><\/p>\n<p><iframe loading=\"lazy\" width=\"500\" height=\"281\" src=\"https:\/\/www.youtube.com\/embed\/09mWgeMhR8w?feature=oembed\" frameborder=\"0\" allow=\"accelerometer; autoplay; encrypted-media; gyroscope; picture-in-picture\" allowfullscreen><\/iframe><\/p>\n","protected":false},"excerpt":{"rendered":"<p>12\/09\/2015 Pawe\u0142 fought another professional fight. After three hard rounds, Wergi lost by the decision of the judges. Young Dutchman with great physical conditions worked very well with his knees&#8230;<\/p>\n","protected":false},"author":3,"featured_media":726,"comment_status":"closed","ping_status":"closed","sticky":false,"template":"","format":"standard","meta":{"ngg_post_thumbnail":0,"footnotes":""},"categories":[1],"tags":[],"acf":[],"yoast_head":"<!-- This site is optimized with the Yoast SEO plugin v21.3 - https:\/\/yoast.com\/wordpress\/plugins\/seo\/ -->\n<title>MFC8 - MFC8 - after fight![:] - Pawe\u0142 WERGI J\u0119drzejczyk<\/title>\n<meta name=\"robots\" content=\"index, follow, max-snippet:-1, max-image-preview:large, max-video-preview:-1\" \/>\n<link rel=\"canonical\" href=\"https:\/\/wergi.pl\/mfc8-after-fight\/\" \/>\n<meta property=\"og:locale\" content=\"en_US\" \/>\n<meta property=\"og:type\" content=\"article\" \/>\n<meta property=\"og:title\" content=\"MFC8 - after fight!\" \/>\n<meta property=\"og:description\" content=\"12\/09\/2015 Pawe\u0142 fought another professional fight. After three hard rounds, Wergi lost by the decision of the judges. Young Dutchman with great physical conditions worked very well with his knees...\" \/>\n<meta property=\"og:url\" content=\"https:\/\/wergi.pl\/mfc8-after-fight\/\" \/>\n<meta property=\"og:site_name\" content=\"Pawe\u0142 WERGI J\u0119drzejczyk\" \/>\n<meta property=\"article:publisher\" content=\"https:\/\/www.facebook.com\/pawel.jedrzejczyk2\" \/>\n<meta property=\"article:published_time\" content=\"2015-09-13T15:41:39+00:00\" \/>\n<meta property=\"article:modified_time\" content=\"2019-03-06T12:22:33+00:00\" \/>\n<meta property=\"og:image\" content=\"https:\/\/wergi.pl\/wp-content\/uploads\/2018\/12\/DSC5609.jpg\" \/>\n\t<meta property=\"og:image:width\" content=\"1024\" \/>\n\t<meta property=\"og:image:height\" content=\"682\" \/>\n\t<meta property=\"og:image:type\" content=\"image\/jpeg\" \/>\n<meta name=\"author\" content=\"Damian Chmielewski\" \/>\n<meta name=\"twitter:card\" content=\"summary_large_image\" \/>\n<meta name=\"twitter:label1\" content=\"Written by\" \/>\n\t<meta name=\"twitter:data1\" content=\"Damian Chmielewski\" \/>\n\t<meta name=\"twitter:label2\" content=\"Est. reading time\" \/>\n\t<meta name=\"twitter:data2\" content=\"1 minute\" \/>\n<script type=\"application\/ld+json\" class=\"yoast-schema-graph\">{\"@context\":\"https:\/\/schema.org\",\"@graph\":[{\"@type\":\"Article\",\"@id\":\"https:\/\/wergi.pl\/mfc8-after-fight\/#article\",\"isPartOf\":{\"@id\":\"https:\/\/wergi.pl\/mfc8-after-fight\/\"},\"author\":{\"name\":\"Damian Chmielewski\",\"@id\":\"https:\/\/wergi.pl\/#\/schema\/person\/03de2f2ac984ac537a6e090d63f70f19\"},\"headline\":\"MFC8 &#8211; after fight!\",\"datePublished\":\"2015-09-13T15:41:39+00:00\",\"dateModified\":\"2019-03-06T12:22:33+00:00\",\"mainEntityOfPage\":{\"@id\":\"https:\/\/wergi.pl\/mfc8-after-fight\/\"},\"wordCount\":243,\"publisher\":{\"@id\":\"https:\/\/wergi.pl\/#organization\"},\"articleSection\":[\"Bez kategorii\"],\"inLanguage\":\"en-US\"},{\"@type\":\"WebPage\",\"@id\":\"https:\/\/wergi.pl\/mfc8-after-fight\/\",\"url\":\"https:\/\/wergi.pl\/mfc8-after-fight\/\",\"name\":\"[:pl]MFC8 - after fight![:en]MFC8 - after fight![:] - Pawe\u0142 WERGI J\u0119drzejczyk\",\"isPartOf\":{\"@id\":\"https:\/\/wergi.pl\/#website\"},\"datePublished\":\"2015-09-13T15:41:39+00:00\",\"dateModified\":\"2019-03-06T12:22:33+00:00\",\"breadcrumb\":{\"@id\":\"https:\/\/wergi.pl\/mfc8-after-fight\/#breadcrumb\"},\"inLanguage\":\"en-US\",\"potentialAction\":[{\"@type\":\"ReadAction\",\"target\":[\"https:\/\/wergi.pl\/mfc8-after-fight\/\"]}]},{\"@type\":\"BreadcrumbList\",\"@id\":\"https:\/\/wergi.pl\/mfc8-after-fight\/#breadcrumb\",\"itemListElement\":[{\"@type\":\"ListItem\",\"position\":1,\"name\":\"Strona g\u0142\u00f3wna\",\"item\":\"https:\/\/wergi.pl\/\"},{\"@type\":\"ListItem\",\"position\":2,\"name\":\"MFC8 &#8211; after fight!\"}]},{\"@type\":\"WebSite\",\"@id\":\"https:\/\/wergi.pl\/#website\",\"url\":\"https:\/\/wergi.pl\/\",\"name\":\"Pawe\u0142 WERGI J\u0119drzejczyk\",\"description\":\"5 x Muay Thai, Kickboxing, K1 World Champion - WKN\/WKA\",\"publisher\":{\"@id\":\"https:\/\/wergi.pl\/#organization\"},\"potentialAction\":[{\"@type\":\"SearchAction\",\"target\":{\"@type\":\"EntryPoint\",\"urlTemplate\":\"https:\/\/wergi.pl\/?s={search_term_string}\"},\"query-input\":\"required name=search_term_string\"}],\"inLanguage\":\"en-US\"},{\"@type\":\"Organization\",\"@id\":\"https:\/\/wergi.pl\/#organization\",\"name\":\"Pawe\u0142 WERGI J\u0119drzejczyk\",\"url\":\"https:\/\/wergi.pl\/\",\"logo\":{\"@type\":\"ImageObject\",\"inLanguage\":\"en-US\",\"@id\":\"https:\/\/wergi.pl\/#\/schema\/logo\/image\/\",\"url\":\"https:\/\/wergi.pl\/wp-content\/uploads\/2019\/06\/wergigym.png\",\"contentUrl\":\"https:\/\/wergi.pl\/wp-content\/uploads\/2019\/06\/wergigym.png\",\"width\":95,\"height\":80,\"caption\":\"Pawe\u0142 WERGI J\u0119drzejczyk\"},\"image\":{\"@id\":\"https:\/\/wergi.pl\/#\/schema\/logo\/image\/\"},\"sameAs\":[\"https:\/\/www.facebook.com\/pawel.jedrzejczyk2\",\"https:\/\/www.instagram.com\/wergii\/\",\"https:\/\/www.youtube.com\/user\/kickeros12\"]},{\"@type\":\"Person\",\"@id\":\"https:\/\/wergi.pl\/#\/schema\/person\/03de2f2ac984ac537a6e090d63f70f19\",\"name\":\"Damian Chmielewski\"}]}<\/script>\n<!-- \/ Yoast SEO plugin. -->","yoast_head_json":{"title":"MFC8 - MFC8 - after fight![:] - Pawe\u0142 WERGI J\u0119drzejczyk","robots":{"index":"index","follow":"follow","max-snippet":"max-snippet:-1","max-image-preview":"max-image-preview:large","max-video-preview":"max-video-preview:-1"},"canonical":"https:\/\/wergi.pl\/mfc8-after-fight\/","og_locale":"en_US","og_type":"article","og_title":"[:pl]MFC8 - after fight![:en]MFC8 - after fight![:] - Pawe\u0142 WERGI J\u0119drzejczyk","og_description":"[:pl]12.09.2015 Pawe\u0142 stoczy\u0142 kolejna zawodow\u0105 walk\u0119.Po trzech zaci\u0119tych rundach Wergi przegra\u0142 decyzj\u0105 s\u0119dzi\u00f3w. M\u0142ody Holender obdarzony \u015bwietnymi warunkami fizycznymi bardzo dobrze pracowa\u0142 kolanami i nie da\u0142 rozwin\u0105\u0107 si\u0119 Wergiemu.[:en]12\/09\/2015 Pawe\u0142 fought another professional fight. After three hard rounds, Wergi lost by the decision of the judges. Young Dutchman with great physical conditions worked very well with his knees...[:]","og_url":"https:\/\/wergi.pl\/mfc8-after-fight\/","og_site_name":"Pawe\u0142 WERGI J\u0119drzejczyk","article_publisher":"https:\/\/www.facebook.com\/pawel.jedrzejczyk2","article_published_time":"2015-09-13T15:41:39+00:00","article_modified_time":"2019-03-06T12:22:33+00:00","og_image":[{"width":1024,"height":682,"url":"https:\/\/wergi.pl\/wp-content\/uploads\/2018\/12\/DSC5609.jpg","type":"image\/jpeg"}],"author":"Damian Chmielewski","twitter_card":"summary_large_image","twitter_misc":{"Written by":"Damian Chmielewski","Est. reading time":"1 minute"},"schema":{"@context":"https:\/\/schema.org","@graph":[{"@type":"Article","@id":"https:\/\/wergi.pl\/mfc8-after-fight\/#article","isPartOf":{"@id":"https:\/\/wergi.pl\/mfc8-after-fight\/"},"author":{"name":"Damian Chmielewski","@id":"https:\/\/wergi.pl\/#\/schema\/person\/03de2f2ac984ac537a6e090d63f70f19"},"headline":"MFC8 &#8211; after fight!","datePublished":"2015-09-13T15:41:39+00:00","dateModified":"2019-03-06T12:22:33+00:00","mainEntityOfPage":{"@id":"https:\/\/wergi.pl\/mfc8-after-fight\/"},"wordCount":243,"publisher":{"@id":"https:\/\/wergi.pl\/#organization"},"articleSection":["Bez kategorii"],"inLanguage":"en-US"},{"@type":"WebPage","@id":"https:\/\/wergi.pl\/mfc8-after-fight\/","url":"https:\/\/wergi.pl\/mfc8-after-fight\/","name":"[:pl]MFC8 - after fight![:en]MFC8 - after fight![:] - Pawe\u0142 WERGI J\u0119drzejczyk","isPartOf":{"@id":"https:\/\/wergi.pl\/#website"},"datePublished":"2015-09-13T15:41:39+00:00","dateModified":"2019-03-06T12:22:33+00:00","breadcrumb":{"@id":"https:\/\/wergi.pl\/mfc8-after-fight\/#breadcrumb"},"inLanguage":"en-US","potentialAction":[{"@type":"ReadAction","target":["https:\/\/wergi.pl\/mfc8-after-fight\/"]}]},{"@type":"BreadcrumbList","@id":"https:\/\/wergi.pl\/mfc8-after-fight\/#breadcrumb","itemListElement":[{"@type":"ListItem","position":1,"name":"Strona g\u0142\u00f3wna","item":"https:\/\/wergi.pl\/"},{"@type":"ListItem","position":2,"name":"MFC8 &#8211; after fight!"}]},{"@type":"WebSite","@id":"https:\/\/wergi.pl\/#website","url":"https:\/\/wergi.pl\/","name":"Pawe\u0142 WERGI J\u0119drzejczyk","description":"5 x Muay Thai, Kickboxing, K1 World Champion - WKN\/WKA","publisher":{"@id":"https:\/\/wergi.pl\/#organization"},"potentialAction":[{"@type":"SearchAction","target":{"@type":"EntryPoint","urlTemplate":"https:\/\/wergi.pl\/?s={search_term_string}"},"query-input":"required name=search_term_string"}],"inLanguage":"en-US"},{"@type":"Organization","@id":"https:\/\/wergi.pl\/#organization","name":"Pawe\u0142 WERGI J\u0119drzejczyk","url":"https:\/\/wergi.pl\/","logo":{"@type":"ImageObject","inLanguage":"en-US","@id":"https:\/\/wergi.pl\/#\/schema\/logo\/image\/","url":"https:\/\/wergi.pl\/wp-content\/uploads\/2019\/06\/wergigym.png","contentUrl":"https:\/\/wergi.pl\/wp-content\/uploads\/2019\/06\/wergigym.png","width":95,"height":80,"caption":"Pawe\u0142 WERGI J\u0119drzejczyk"},"image":{"@id":"https:\/\/wergi.pl\/#\/schema\/logo\/image\/"},"sameAs":["https:\/\/www.facebook.com\/pawel.jedrzejczyk2","https:\/\/www.instagram.com\/wergii\/","https:\/\/www.youtube.com\/user\/kickeros12"]},{"@type":"Person","@id":"https:\/\/wergi.pl\/#\/schema\/person\/03de2f2ac984ac537a6e090d63f70f19","name":"Damian Chmielewski"}]}},"_links":{"self":[{"href":"https:\/\/wergi.pl\/en\/wp-json\/wp\/v2\/posts\/724"}],"collection":[{"href":"https:\/\/wergi.pl\/en\/wp-json\/wp\/v2\/posts"}],"about":[{"href":"https:\/\/wergi.pl\/en\/wp-json\/wp\/v2\/types\/post"}],"author":[{"embeddable":true,"href":"https:\/\/wergi.pl\/en\/wp-json\/wp\/v2\/users\/3"}],"replies":[{"embeddable":true,"href":"https:\/\/wergi.pl\/en\/wp-json\/wp\/v2\/comments?post=724"}],"version-history":[{"count":0,"href":"https:\/\/wergi.pl\/en\/wp-json\/wp\/v2\/posts\/724\/revisions"}],"wp:featuredmedia":[{"embeddable":true,"href":"https:\/\/wergi.pl\/en\/wp-json\/wp\/v2\/media\/726"}],"wp:attachment":[{"href":"https:\/\/wergi.pl\/en\/wp-json\/wp\/v2\/media?parent=724"}],"wp:term":[{"taxonomy":"category","embeddable":true,"href":"https:\/\/wergi.pl\/en\/wp-json\/wp\/v2\/categories?post=724"},{"taxonomy":"post_tag","embeddable":true,"href":"https:\/\/wergi.pl\/en\/wp-json\/wp\/v2\/tags?post=724"}],"curies":[{"name":"wp","href":"https:\/\/api.w.org\/{rel}","templated":true}]}}