{"id":733,"date":"2015-10-27T18:21:46","date_gmt":"2015-10-27T17:21:46","guid":{"rendered":"https:\/\/wergi.pl\/?p=733"},"modified":"2019-03-06T13:27:56","modified_gmt":"2019-03-06T12:27:56","slug":"walka-z-wroclawia","status":"publish","type":"post","link":"https:\/\/wergi.pl\/en\/walka-z-wroclawia\/","title":{"rendered":"Battle from Wroc\u0142aw"},"content":{"rendered":"<p>On October 24, Pawe\u0142 J\u0119drzejczyk fought a hard, fierce and even fight against the strong secret of Thanelek in Wroclaw&#8217;s orbit hall. He lost the decision of the judges. The fight was recognized by the commentators as the best for this gala. Here&#8217;s what Paul wrote on his facebook:<\/p>\n<p>&#8220;When you win, everyone wins, when you lose, you lose alone&#8221;. And I&#8217;m just &#8220;losing&#8221; today &#8230; ALONE. For a man who sacrifices his whole life, only the victory counts. You&#8217;re good fighter, with big heart, good player &#8230; I do not know,maybe, but I know that WMC belt as well as your pride have gone into non-existence. I really wanted to win at my place and I did everything I could. Thank you to my supporters and colleagues for the countless words of support that come to me all the time. Those who are with me for good and for bad, I will never forget it &#8230; Now I need to rest .. &#8221; Regards, Wergi!<br \/>\n<a href=\"https:\/\/wergi.pl\/galeria\/walki\/?type=gallery&#038;gallery_id=27&#038;album_id=49\">Here<\/a>\u00a0you will see Photos from the fight.<\/p>\n<div style=\"width: 640px;\" class=\"wp-video\"><!--[if lt IE 9]><script>document.createElement('video');<\/script><![endif]-->\n<video class=\"wp-video-shortcode\" id=\"video-733-1\" width=\"640\" height=\"360\" preload=\"metadata\" controls=\"controls\"><source type=\"video\/mp4\" src=\"http:\/\/ipla-e2-18.pluscdn.pl\/dituel\/cp\/ud\/ud2srzdanayb38w3uydhfeyoww49c1mt.mp4?_=1\" \/><a href=\"http:\/\/ipla-e2-18.pluscdn.pl\/dituel\/cp\/ud\/ud2srzdanayb38w3uydhfeyoww49c1mt.mp4\">http:\/\/ipla-e2-18.pluscdn.pl\/dituel\/cp\/ud\/ud2srzdanayb38w3uydhfeyoww49c1mt.mp4<\/a><\/video><\/div>\n<p><iframe loading=\"lazy\" width=\"500\" height=\"281\" src=\"https:\/\/www.youtube.com\/embed\/a4cMyVpP0TA?feature=oembed\" frameborder=\"0\" allow=\"accelerometer; autoplay; encrypted-media; gyroscope; picture-in-picture\" allowfullscreen><\/iframe><\/p>\n<p><iframe loading=\"lazy\" width=\"500\" height=\"281\" src=\"https:\/\/www.youtube.com\/embed\/u7KNRSOP92Q?feature=oembed\" frameborder=\"0\" allow=\"accelerometer; autoplay; encrypted-media; gyroscope; picture-in-picture\" allowfullscreen><\/iframe><\/p>\n","protected":false},"excerpt":{"rendered":"<p><iframe loading=\"lazy\" width=\"560\" height=\"315\" src=\"https:\/\/www.youtube.com\/embed\/u7KNRSOP92Q\" frameborder=\"0\" allow=\"accelerometer; autoplay; encrypted-media; gyroscope; picture-in-picture\" allowfullscreen><\/iframe><br \/>\nOn October 24, Pawe\u0142 J\u0119drzejczyk fought a hard, fierce and even fight against the strong secret of Thanelek in Wroclaw&#8217;s orbit hall. He lost the decision of the judges. The fight was recognized by the commentators as the best for this gala. Here&#8217;s what Paul wrote on his facebook:<\/p>\n","protected":false},"author":3,"featured_media":0,"comment_status":"closed","ping_status":"closed","sticky":false,"template":"","format":"standard","meta":{"ngg_post_thumbnail":0,"footnotes":""},"categories":[1],"tags":[],"acf":[],"yoast_head":"<!-- This site is optimized with the Yoast SEO plugin v21.3 - https:\/\/yoast.com\/wordpress\/plugins\/seo\/ -->\n<title>Battle from Wroc\u0142aw - Pawe\u0142 WERGI J\u0119drzejczyk<\/title>\n<meta name=\"robots\" content=\"index, follow, max-snippet:-1, max-image-preview:large, max-video-preview:-1\" \/>\n<link rel=\"canonical\" href=\"https:\/\/wergi.pl\/walka-z-wroclawia\/\" \/>\n<meta property=\"og:locale\" content=\"en_US\" \/>\n<meta property=\"og:type\" content=\"article\" \/>\n<meta property=\"og:title\" content=\"Battle from Wroc\u0142aw\" \/>\n<meta property=\"og:description\" content=\"On October 24, Pawe\u0142 J\u0119drzejczyk fought a hard, fierce and even fight against the strong secret of Thanelek in Wroclaw&#039;s orbit hall. He lost the decision of the judges. The fight was recognized by the commentators as the best for this gala. Here&#039;s what Paul wrote on his facebook:\" \/>\n<meta property=\"og:url\" content=\"https:\/\/wergi.pl\/walka-z-wroclawia\/\" \/>\n<meta property=\"og:site_name\" content=\"Pawe\u0142 WERGI J\u0119drzejczyk\" \/>\n<meta property=\"article:publisher\" content=\"https:\/\/www.facebook.com\/pawel.jedrzejczyk2\" \/>\n<meta property=\"article:published_time\" content=\"2015-10-27T17:21:46+00:00\" \/>\n<meta property=\"article:modified_time\" content=\"2019-03-06T12:27:56+00:00\" \/>\n<meta name=\"author\" content=\"Damian Chmielewski\" \/>\n<meta name=\"twitter:card\" content=\"summary_large_image\" \/>\n<meta name=\"twitter:label1\" content=\"Written by\" \/>\n\t<meta name=\"twitter:data1\" content=\"Damian Chmielewski\" \/>\n\t<meta name=\"twitter:label2\" content=\"Est. reading time\" \/>\n\t<meta name=\"twitter:data2\" content=\"2 minutes\" \/>\n<script type=\"application\/ld+json\" class=\"yoast-schema-graph\">{\"@context\":\"https:\/\/schema.org\",\"@graph\":[{\"@type\":\"Article\",\"@id\":\"https:\/\/wergi.pl\/walka-z-wroclawia\/#article\",\"isPartOf\":{\"@id\":\"https:\/\/wergi.pl\/walka-z-wroclawia\/\"},\"author\":{\"name\":\"Damian Chmielewski\",\"@id\":\"https:\/\/wergi.pl\/#\/schema\/person\/03de2f2ac984ac537a6e090d63f70f19\"},\"headline\":\"Battle from Wroc\u0142aw\",\"datePublished\":\"2015-10-27T17:21:46+00:00\",\"dateModified\":\"2019-03-06T12:27:56+00:00\",\"mainEntityOfPage\":{\"@id\":\"https:\/\/wergi.pl\/walka-z-wroclawia\/\"},\"wordCount\":401,\"publisher\":{\"@id\":\"https:\/\/wergi.pl\/#organization\"},\"articleSection\":[\"Bez kategorii\"],\"inLanguage\":\"en-US\"},{\"@type\":\"WebPage\",\"@id\":\"https:\/\/wergi.pl\/walka-z-wroclawia\/\",\"url\":\"https:\/\/wergi.pl\/walka-z-wroclawia\/\",\"name\":\"[:pl]Walka z Wroc\u0142awia[:en]Battle from Wroc\u0142aw[:] - Pawe\u0142 WERGI J\u0119drzejczyk\",\"isPartOf\":{\"@id\":\"https:\/\/wergi.pl\/#website\"},\"datePublished\":\"2015-10-27T17:21:46+00:00\",\"dateModified\":\"2019-03-06T12:27:56+00:00\",\"breadcrumb\":{\"@id\":\"https:\/\/wergi.pl\/walka-z-wroclawia\/#breadcrumb\"},\"inLanguage\":\"en-US\",\"potentialAction\":[{\"@type\":\"ReadAction\",\"target\":[\"https:\/\/wergi.pl\/walka-z-wroclawia\/\"]}]},{\"@type\":\"BreadcrumbList\",\"@id\":\"https:\/\/wergi.pl\/walka-z-wroclawia\/#breadcrumb\",\"itemListElement\":[{\"@type\":\"ListItem\",\"position\":1,\"name\":\"Strona g\u0142\u00f3wna\",\"item\":\"https:\/\/wergi.pl\/\"},{\"@type\":\"ListItem\",\"position\":2,\"name\":\"Walka z Wroc\u0142awia\"}]},{\"@type\":\"WebSite\",\"@id\":\"https:\/\/wergi.pl\/#website\",\"url\":\"https:\/\/wergi.pl\/\",\"name\":\"Pawe\u0142 WERGI J\u0119drzejczyk\",\"description\":\"5 x Muay Thai, Kickboxing, K1 World Champion - WKN\/WKA\",\"publisher\":{\"@id\":\"https:\/\/wergi.pl\/#organization\"},\"potentialAction\":[{\"@type\":\"SearchAction\",\"target\":{\"@type\":\"EntryPoint\",\"urlTemplate\":\"https:\/\/wergi.pl\/?s={search_term_string}\"},\"query-input\":\"required name=search_term_string\"}],\"inLanguage\":\"en-US\"},{\"@type\":\"Organization\",\"@id\":\"https:\/\/wergi.pl\/#organization\",\"name\":\"Pawe\u0142 WERGI J\u0119drzejczyk\",\"url\":\"https:\/\/wergi.pl\/\",\"logo\":{\"@type\":\"ImageObject\",\"inLanguage\":\"en-US\",\"@id\":\"https:\/\/wergi.pl\/#\/schema\/logo\/image\/\",\"url\":\"https:\/\/wergi.pl\/wp-content\/uploads\/2019\/06\/wergigym.png\",\"contentUrl\":\"https:\/\/wergi.pl\/wp-content\/uploads\/2019\/06\/wergigym.png\",\"width\":95,\"height\":80,\"caption\":\"Pawe\u0142 WERGI J\u0119drzejczyk\"},\"image\":{\"@id\":\"https:\/\/wergi.pl\/#\/schema\/logo\/image\/\"},\"sameAs\":[\"https:\/\/www.facebook.com\/pawel.jedrzejczyk2\",\"https:\/\/www.instagram.com\/wergii\/\",\"https:\/\/www.youtube.com\/user\/kickeros12\"]},{\"@type\":\"Person\",\"@id\":\"https:\/\/wergi.pl\/#\/schema\/person\/03de2f2ac984ac537a6e090d63f70f19\",\"name\":\"Damian Chmielewski\"}]}<\/script>\n<!-- \/ Yoast SEO plugin. -->","yoast_head_json":{"title":"Battle from Wroc\u0142aw - Pawe\u0142 WERGI J\u0119drzejczyk","robots":{"index":"index","follow":"follow","max-snippet":"max-snippet:-1","max-image-preview":"max-image-preview:large","max-video-preview":"max-video-preview:-1"},"canonical":"https:\/\/wergi.pl\/walka-z-wroclawia\/","og_locale":"en_US","og_type":"article","og_title":"[:pl]Walka z Wroc\u0142awia[:en]Battle from Wroc\u0142aw[:] - Pawe\u0142 WERGI J\u0119drzejczyk","og_description":"[:pl] 24 pa\u017adziernika we Wroc\u0142awskiej hali orbita Pawe\u0142 J\u0119drzejczyk stoczy\u0142 tward\u0105, zaci\u0119t\u0105 i wyr\u00f3wnana walk\u0119 z mocnym tajem Thanelekiem. Przegra\u0142 decyzja s\u0119dzi\u00f3w. Walka zosta\u0142a uznana przez komentator\u00f3w za najlepsz\u0105 tej gali. Oto co Pawe\u0142 napisa\u0142 na swoim facebooku:[:en] On October 24, Pawe\u0142 J\u0119drzejczyk fought a hard, fierce and even fight against the strong secret of Thanelek in Wroclaw's orbit hall. He lost the decision of the judges. The fight was recognized by the commentators as the best for this gala. Here's what Paul wrote on his facebook:[:]","og_url":"https:\/\/wergi.pl\/walka-z-wroclawia\/","og_site_name":"Pawe\u0142 WERGI J\u0119drzejczyk","article_publisher":"https:\/\/www.facebook.com\/pawel.jedrzejczyk2","article_published_time":"2015-10-27T17:21:46+00:00","article_modified_time":"2019-03-06T12:27:56+00:00","author":"Damian Chmielewski","twitter_card":"summary_large_image","twitter_misc":{"Written by":"Damian Chmielewski","Est. reading time":"2 minutes"},"schema":{"@context":"https:\/\/schema.org","@graph":[{"@type":"Article","@id":"https:\/\/wergi.pl\/walka-z-wroclawia\/#article","isPartOf":{"@id":"https:\/\/wergi.pl\/walka-z-wroclawia\/"},"author":{"name":"Damian Chmielewski","@id":"https:\/\/wergi.pl\/#\/schema\/person\/03de2f2ac984ac537a6e090d63f70f19"},"headline":"Battle from Wroc\u0142aw","datePublished":"2015-10-27T17:21:46+00:00","dateModified":"2019-03-06T12:27:56+00:00","mainEntityOfPage":{"@id":"https:\/\/wergi.pl\/walka-z-wroclawia\/"},"wordCount":401,"publisher":{"@id":"https:\/\/wergi.pl\/#organization"},"articleSection":["Bez kategorii"],"inLanguage":"en-US"},{"@type":"WebPage","@id":"https:\/\/wergi.pl\/walka-z-wroclawia\/","url":"https:\/\/wergi.pl\/walka-z-wroclawia\/","name":"[:pl]Walka z Wroc\u0142awia[:en]Battle from Wroc\u0142aw[:] - Pawe\u0142 WERGI J\u0119drzejczyk","isPartOf":{"@id":"https:\/\/wergi.pl\/#website"},"datePublished":"2015-10-27T17:21:46+00:00","dateModified":"2019-03-06T12:27:56+00:00","breadcrumb":{"@id":"https:\/\/wergi.pl\/walka-z-wroclawia\/#breadcrumb"},"inLanguage":"en-US","potentialAction":[{"@type":"ReadAction","target":["https:\/\/wergi.pl\/walka-z-wroclawia\/"]}]},{"@type":"BreadcrumbList","@id":"https:\/\/wergi.pl\/walka-z-wroclawia\/#breadcrumb","itemListElement":[{"@type":"ListItem","position":1,"name":"Strona g\u0142\u00f3wna","item":"https:\/\/wergi.pl\/"},{"@type":"ListItem","position":2,"name":"Walka z Wroc\u0142awia"}]},{"@type":"WebSite","@id":"https:\/\/wergi.pl\/#website","url":"https:\/\/wergi.pl\/","name":"Pawe\u0142 WERGI J\u0119drzejczyk","description":"5 x Muay Thai, Kickboxing, K1 World Champion - WKN\/WKA","publisher":{"@id":"https:\/\/wergi.pl\/#organization"},"potentialAction":[{"@type":"SearchAction","target":{"@type":"EntryPoint","urlTemplate":"https:\/\/wergi.pl\/?s={search_term_string}"},"query-input":"required name=search_term_string"}],"inLanguage":"en-US"},{"@type":"Organization","@id":"https:\/\/wergi.pl\/#organization","name":"Pawe\u0142 WERGI J\u0119drzejczyk","url":"https:\/\/wergi.pl\/","logo":{"@type":"ImageObject","inLanguage":"en-US","@id":"https:\/\/wergi.pl\/#\/schema\/logo\/image\/","url":"https:\/\/wergi.pl\/wp-content\/uploads\/2019\/06\/wergigym.png","contentUrl":"https:\/\/wergi.pl\/wp-content\/uploads\/2019\/06\/wergigym.png","width":95,"height":80,"caption":"Pawe\u0142 WERGI J\u0119drzejczyk"},"image":{"@id":"https:\/\/wergi.pl\/#\/schema\/logo\/image\/"},"sameAs":["https:\/\/www.facebook.com\/pawel.jedrzejczyk2","https:\/\/www.instagram.com\/wergii\/","https:\/\/www.youtube.com\/user\/kickeros12"]},{"@type":"Person","@id":"https:\/\/wergi.pl\/#\/schema\/person\/03de2f2ac984ac537a6e090d63f70f19","name":"Damian Chmielewski"}]}},"_links":{"self":[{"href":"https:\/\/wergi.pl\/en\/wp-json\/wp\/v2\/posts\/733"}],"collection":[{"href":"https:\/\/wergi.pl\/en\/wp-json\/wp\/v2\/posts"}],"about":[{"href":"https:\/\/wergi.pl\/en\/wp-json\/wp\/v2\/types\/post"}],"author":[{"embeddable":true,"href":"https:\/\/wergi.pl\/en\/wp-json\/wp\/v2\/users\/3"}],"replies":[{"embeddable":true,"href":"https:\/\/wergi.pl\/en\/wp-json\/wp\/v2\/comments?post=733"}],"version-history":[{"count":0,"href":"https:\/\/wergi.pl\/en\/wp-json\/wp\/v2\/posts\/733\/revisions"}],"wp:attachment":[{"href":"https:\/\/wergi.pl\/en\/wp-json\/wp\/v2\/media?parent=733"}],"wp:term":[{"taxonomy":"category","embeddable":true,"href":"https:\/\/wergi.pl\/en\/wp-json\/wp\/v2\/categories?post=733"},{"taxonomy":"post_tag","embeddable":true,"href":"https:\/\/wergi.pl\/en\/wp-json\/wp\/v2\/tags?post=733"}],"curies":[{"name":"wp","href":"https:\/\/api.w.org\/{rel}","templated":true}]}}