{"id":778,"date":"2016-12-21T11:30:57","date_gmt":"2016-12-21T10:30:57","guid":{"rendered":"https:\/\/wergi.pl\/?p=778"},"modified":"2019-03-06T11:18:05","modified_gmt":"2019-03-06T10:18:05","slug":"pawel-jedrzejczyk-kolejny-raz-na-glory","status":"publish","type":"post","link":"https:\/\/wergi.pl\/en\/pawel-jedrzejczyk-kolejny-raz-na-glory\/","title":{"rendered":"Pawe\u0142 J\u0119drzejczyk once again in GLORY!"},"content":{"rendered":"<p><img decoding=\"async\" loading=\"lazy\" class=\"size-full wp-image-779 aligncenter\" src=\"https:\/\/wergi.pl\/wp-content\/uploads\/2018\/12\/15665527_1391007654266671_4814580490347974840_n.jpg\" alt=\"\" width=\"768\" height=\"768\" srcset=\"https:\/\/wergi.pl\/wp-content\/uploads\/2018\/12\/15665527_1391007654266671_4814580490347974840_n.jpg 768w, https:\/\/wergi.pl\/wp-content\/uploads\/2018\/12\/15665527_1391007654266671_4814580490347974840_n-200x200.jpg 200w, https:\/\/wergi.pl\/wp-content\/uploads\/2018\/12\/15665527_1391007654266671_4814580490347974840_n-450x450.jpg 450w\" sizes=\"(max-width: 768px) 100vw, 768px\" \/><\/p>\n<p><span lang=\"en\">Pawe\u0142 J\u0119drzejczyk returns to Glory after two more wins. Here&#8217;s what he said right after signing the next contract! &#8220;On February 24th in Chicago I will fight for the most prestigious kickboxing organization in the world &#8211; Glory! <\/span><\/p>\n<p><span lang=\"en\">The fact that I am the first Polish who fought there and Glory is contracting me again, gives me extra energy. Thanks to matchmakers for Cor Hemmers, Eric Haycraft for the trust and my promoter \u0141ukasz Banach for the work. I&#8217;m going for my own! Osu! &#8220;<\/span><\/p>\n<p><img decoding=\"async\" loading=\"lazy\" class=\"size-full wp-image-780 aligncenter\" src=\"https:\/\/wergi.pl\/wp-content\/uploads\/2018\/12\/D4S_4821.jpg\" alt=\"\" width=\"511\" height=\"768\" srcset=\"https:\/\/wergi.pl\/wp-content\/uploads\/2018\/12\/D4S_4821.jpg 511w, https:\/\/wergi.pl\/wp-content\/uploads\/2018\/12\/D4S_4821-450x676.jpg 450w\" sizes=\"(max-width: 511px) 100vw, 511px\" \/><\/p>\n","protected":false},"excerpt":{"rendered":"<p>Pawe\u0142 J\u0119drzejczyk returns to Glory after two more wins. Here&#8217;s what he said right after signing the next contract! &#8220;On February 24th in Chicago I will fight for the most prestigious kickboxing organization in the world &#8211; Glory! The fact that I am the first Polish who fought there and Glory is contracting me again, [&hellip;]<\/p>\n","protected":false},"author":3,"featured_media":779,"comment_status":"closed","ping_status":"closed","sticky":false,"template":"","format":"standard","meta":{"ngg_post_thumbnail":0,"footnotes":""},"categories":[1],"tags":[],"acf":[],"yoast_head":"<!-- This site is optimized with the Yoast SEO plugin v21.3 - https:\/\/yoast.com\/wordpress\/plugins\/seo\/ -->\n<title>Pawe\u0142 J\u0119drzejczyk once again in GLORY! - Pawe\u0142 WERGI J\u0119drzejczyk<\/title>\n<meta name=\"robots\" content=\"index, follow, max-snippet:-1, max-image-preview:large, max-video-preview:-1\" \/>\n<link rel=\"canonical\" href=\"https:\/\/wergi.pl\/pawel-jedrzejczyk-kolejny-raz-na-glory\/\" \/>\n<meta property=\"og:locale\" content=\"en_US\" \/>\n<meta property=\"og:type\" content=\"article\" \/>\n<meta property=\"og:title\" content=\"Pawe\u0142 J\u0119drzejczyk once again in GLORY!\" \/>\n<meta property=\"og:description\" content=\"Pawe\u0142 J\u0119drzejczyk returns to Glory after two more wins. Here&#8217;s what he said right after signing the next contract! &#8220;On February 24th in Chicago I will fight for the most prestigious kickboxing organization in the world &#8211; Glory! The fact that I am the first Polish who fought there and Glory is contracting me again, [&hellip;]\" \/>\n<meta property=\"og:url\" content=\"https:\/\/wergi.pl\/pawel-jedrzejczyk-kolejny-raz-na-glory\/\" \/>\n<meta property=\"og:site_name\" content=\"Pawe\u0142 WERGI J\u0119drzejczyk\" \/>\n<meta property=\"article:publisher\" content=\"https:\/\/www.facebook.com\/pawel.jedrzejczyk2\" \/>\n<meta property=\"article:published_time\" content=\"2016-12-21T10:30:57+00:00\" \/>\n<meta property=\"article:modified_time\" content=\"2019-03-06T10:18:05+00:00\" \/>\n<meta property=\"og:image\" content=\"https:\/\/wergi.pl\/wp-content\/uploads\/2018\/12\/15665527_1391007654266671_4814580490347974840_n.jpg\" \/>\n\t<meta property=\"og:image:width\" content=\"768\" \/>\n\t<meta property=\"og:image:height\" content=\"768\" \/>\n\t<meta property=\"og:image:type\" content=\"image\/jpeg\" \/>\n<meta name=\"author\" content=\"Damian Chmielewski\" \/>\n<meta name=\"twitter:card\" content=\"summary_large_image\" \/>\n<meta name=\"twitter:label1\" content=\"Written by\" \/>\n\t<meta name=\"twitter:data1\" content=\"Damian Chmielewski\" \/>\n\t<meta name=\"twitter:label2\" content=\"Est. reading time\" \/>\n\t<meta name=\"twitter:data2\" content=\"1 minute\" \/>\n<script type=\"application\/ld+json\" class=\"yoast-schema-graph\">{\"@context\":\"https:\/\/schema.org\",\"@graph\":[{\"@type\":\"Article\",\"@id\":\"https:\/\/wergi.pl\/pawel-jedrzejczyk-kolejny-raz-na-glory\/#article\",\"isPartOf\":{\"@id\":\"https:\/\/wergi.pl\/pawel-jedrzejczyk-kolejny-raz-na-glory\/\"},\"author\":{\"name\":\"Damian Chmielewski\",\"@id\":\"https:\/\/wergi.pl\/#\/schema\/person\/03de2f2ac984ac537a6e090d63f70f19\"},\"headline\":\"Pawe\u0142 J\u0119drzejczyk once again in GLORY!\",\"datePublished\":\"2016-12-21T10:30:57+00:00\",\"dateModified\":\"2019-03-06T10:18:05+00:00\",\"mainEntityOfPage\":{\"@id\":\"https:\/\/wergi.pl\/pawel-jedrzejczyk-kolejny-raz-na-glory\/\"},\"wordCount\":184,\"publisher\":{\"@id\":\"https:\/\/wergi.pl\/#organization\"},\"articleSection\":[\"Bez kategorii\"],\"inLanguage\":\"en-US\"},{\"@type\":\"WebPage\",\"@id\":\"https:\/\/wergi.pl\/pawel-jedrzejczyk-kolejny-raz-na-glory\/\",\"url\":\"https:\/\/wergi.pl\/pawel-jedrzejczyk-kolejny-raz-na-glory\/\",\"name\":\"[:pl]Pawe\u0142 J\u0119drzejczyk kolejny raz na GLORY![:en]Pawe\u0142 J\u0119drzejczyk once again in GLORY![:] - Pawe\u0142 WERGI J\u0119drzejczyk\",\"isPartOf\":{\"@id\":\"https:\/\/wergi.pl\/#website\"},\"datePublished\":\"2016-12-21T10:30:57+00:00\",\"dateModified\":\"2019-03-06T10:18:05+00:00\",\"breadcrumb\":{\"@id\":\"https:\/\/wergi.pl\/pawel-jedrzejczyk-kolejny-raz-na-glory\/#breadcrumb\"},\"inLanguage\":\"en-US\",\"potentialAction\":[{\"@type\":\"ReadAction\",\"target\":[\"https:\/\/wergi.pl\/pawel-jedrzejczyk-kolejny-raz-na-glory\/\"]}]},{\"@type\":\"BreadcrumbList\",\"@id\":\"https:\/\/wergi.pl\/pawel-jedrzejczyk-kolejny-raz-na-glory\/#breadcrumb\",\"itemListElement\":[{\"@type\":\"ListItem\",\"position\":1,\"name\":\"Strona g\u0142\u00f3wna\",\"item\":\"https:\/\/wergi.pl\/\"},{\"@type\":\"ListItem\",\"position\":2,\"name\":\"Pawe\u0142 J\u0119drzejczyk kolejny raz na GLORY!\"}]},{\"@type\":\"WebSite\",\"@id\":\"https:\/\/wergi.pl\/#website\",\"url\":\"https:\/\/wergi.pl\/\",\"name\":\"Pawe\u0142 WERGI J\u0119drzejczyk\",\"description\":\"5 x Muay Thai, Kickboxing, K1 World Champion - WKN\/WKA\",\"publisher\":{\"@id\":\"https:\/\/wergi.pl\/#organization\"},\"potentialAction\":[{\"@type\":\"SearchAction\",\"target\":{\"@type\":\"EntryPoint\",\"urlTemplate\":\"https:\/\/wergi.pl\/?s={search_term_string}\"},\"query-input\":\"required name=search_term_string\"}],\"inLanguage\":\"en-US\"},{\"@type\":\"Organization\",\"@id\":\"https:\/\/wergi.pl\/#organization\",\"name\":\"Pawe\u0142 WERGI J\u0119drzejczyk\",\"url\":\"https:\/\/wergi.pl\/\",\"logo\":{\"@type\":\"ImageObject\",\"inLanguage\":\"en-US\",\"@id\":\"https:\/\/wergi.pl\/#\/schema\/logo\/image\/\",\"url\":\"https:\/\/wergi.pl\/wp-content\/uploads\/2019\/06\/wergigym.png\",\"contentUrl\":\"https:\/\/wergi.pl\/wp-content\/uploads\/2019\/06\/wergigym.png\",\"width\":95,\"height\":80,\"caption\":\"Pawe\u0142 WERGI J\u0119drzejczyk\"},\"image\":{\"@id\":\"https:\/\/wergi.pl\/#\/schema\/logo\/image\/\"},\"sameAs\":[\"https:\/\/www.facebook.com\/pawel.jedrzejczyk2\",\"https:\/\/www.instagram.com\/wergii\/\",\"https:\/\/www.youtube.com\/user\/kickeros12\"]},{\"@type\":\"Person\",\"@id\":\"https:\/\/wergi.pl\/#\/schema\/person\/03de2f2ac984ac537a6e090d63f70f19\",\"name\":\"Damian Chmielewski\"}]}<\/script>\n<!-- \/ Yoast SEO plugin. -->","yoast_head_json":{"title":"Pawe\u0142 J\u0119drzejczyk once again in GLORY! - Pawe\u0142 WERGI J\u0119drzejczyk","robots":{"index":"index","follow":"follow","max-snippet":"max-snippet:-1","max-image-preview":"max-image-preview:large","max-video-preview":"max-video-preview:-1"},"canonical":"https:\/\/wergi.pl\/pawel-jedrzejczyk-kolejny-raz-na-glory\/","og_locale":"en_US","og_type":"article","og_title":"[:pl]Pawe\u0142 J\u0119drzejczyk kolejny raz na GLORY![:en]Pawe\u0142 J\u0119drzejczyk once again in GLORY![:] - Pawe\u0142 WERGI J\u0119drzejczyk","og_description":"Pawe\u0142 J\u0119drzejczyk returns to Glory after two more wins. Here&#8217;s what he said right after signing the next contract! &#8220;On February 24th in Chicago I will fight for the most prestigious kickboxing organization in the world &#8211; Glory! The fact that I am the first Polish who fought there and Glory is contracting me again, [&hellip;]","og_url":"https:\/\/wergi.pl\/pawel-jedrzejczyk-kolejny-raz-na-glory\/","og_site_name":"Pawe\u0142 WERGI J\u0119drzejczyk","article_publisher":"https:\/\/www.facebook.com\/pawel.jedrzejczyk2","article_published_time":"2016-12-21T10:30:57+00:00","article_modified_time":"2019-03-06T10:18:05+00:00","og_image":[{"width":768,"height":768,"url":"https:\/\/wergi.pl\/wp-content\/uploads\/2018\/12\/15665527_1391007654266671_4814580490347974840_n.jpg","type":"image\/jpeg"}],"author":"Damian Chmielewski","twitter_card":"summary_large_image","twitter_misc":{"Written by":"Damian Chmielewski","Est. reading time":"1 minute"},"schema":{"@context":"https:\/\/schema.org","@graph":[{"@type":"Article","@id":"https:\/\/wergi.pl\/pawel-jedrzejczyk-kolejny-raz-na-glory\/#article","isPartOf":{"@id":"https:\/\/wergi.pl\/pawel-jedrzejczyk-kolejny-raz-na-glory\/"},"author":{"name":"Damian Chmielewski","@id":"https:\/\/wergi.pl\/#\/schema\/person\/03de2f2ac984ac537a6e090d63f70f19"},"headline":"Pawe\u0142 J\u0119drzejczyk once again in GLORY!","datePublished":"2016-12-21T10:30:57+00:00","dateModified":"2019-03-06T10:18:05+00:00","mainEntityOfPage":{"@id":"https:\/\/wergi.pl\/pawel-jedrzejczyk-kolejny-raz-na-glory\/"},"wordCount":184,"publisher":{"@id":"https:\/\/wergi.pl\/#organization"},"articleSection":["Bez kategorii"],"inLanguage":"en-US"},{"@type":"WebPage","@id":"https:\/\/wergi.pl\/pawel-jedrzejczyk-kolejny-raz-na-glory\/","url":"https:\/\/wergi.pl\/pawel-jedrzejczyk-kolejny-raz-na-glory\/","name":"[:pl]Pawe\u0142 J\u0119drzejczyk kolejny raz na GLORY![:en]Pawe\u0142 J\u0119drzejczyk once again in GLORY![:] - Pawe\u0142 WERGI J\u0119drzejczyk","isPartOf":{"@id":"https:\/\/wergi.pl\/#website"},"datePublished":"2016-12-21T10:30:57+00:00","dateModified":"2019-03-06T10:18:05+00:00","breadcrumb":{"@id":"https:\/\/wergi.pl\/pawel-jedrzejczyk-kolejny-raz-na-glory\/#breadcrumb"},"inLanguage":"en-US","potentialAction":[{"@type":"ReadAction","target":["https:\/\/wergi.pl\/pawel-jedrzejczyk-kolejny-raz-na-glory\/"]}]},{"@type":"BreadcrumbList","@id":"https:\/\/wergi.pl\/pawel-jedrzejczyk-kolejny-raz-na-glory\/#breadcrumb","itemListElement":[{"@type":"ListItem","position":1,"name":"Strona g\u0142\u00f3wna","item":"https:\/\/wergi.pl\/"},{"@type":"ListItem","position":2,"name":"Pawe\u0142 J\u0119drzejczyk kolejny raz na GLORY!"}]},{"@type":"WebSite","@id":"https:\/\/wergi.pl\/#website","url":"https:\/\/wergi.pl\/","name":"Pawe\u0142 WERGI J\u0119drzejczyk","description":"5 x Muay Thai, Kickboxing, K1 World Champion - WKN\/WKA","publisher":{"@id":"https:\/\/wergi.pl\/#organization"},"potentialAction":[{"@type":"SearchAction","target":{"@type":"EntryPoint","urlTemplate":"https:\/\/wergi.pl\/?s={search_term_string}"},"query-input":"required name=search_term_string"}],"inLanguage":"en-US"},{"@type":"Organization","@id":"https:\/\/wergi.pl\/#organization","name":"Pawe\u0142 WERGI J\u0119drzejczyk","url":"https:\/\/wergi.pl\/","logo":{"@type":"ImageObject","inLanguage":"en-US","@id":"https:\/\/wergi.pl\/#\/schema\/logo\/image\/","url":"https:\/\/wergi.pl\/wp-content\/uploads\/2019\/06\/wergigym.png","contentUrl":"https:\/\/wergi.pl\/wp-content\/uploads\/2019\/06\/wergigym.png","width":95,"height":80,"caption":"Pawe\u0142 WERGI J\u0119drzejczyk"},"image":{"@id":"https:\/\/wergi.pl\/#\/schema\/logo\/image\/"},"sameAs":["https:\/\/www.facebook.com\/pawel.jedrzejczyk2","https:\/\/www.instagram.com\/wergii\/","https:\/\/www.youtube.com\/user\/kickeros12"]},{"@type":"Person","@id":"https:\/\/wergi.pl\/#\/schema\/person\/03de2f2ac984ac537a6e090d63f70f19","name":"Damian Chmielewski"}]}},"_links":{"self":[{"href":"https:\/\/wergi.pl\/en\/wp-json\/wp\/v2\/posts\/778"}],"collection":[{"href":"https:\/\/wergi.pl\/en\/wp-json\/wp\/v2\/posts"}],"about":[{"href":"https:\/\/wergi.pl\/en\/wp-json\/wp\/v2\/types\/post"}],"author":[{"embeddable":true,"href":"https:\/\/wergi.pl\/en\/wp-json\/wp\/v2\/users\/3"}],"replies":[{"embeddable":true,"href":"https:\/\/wergi.pl\/en\/wp-json\/wp\/v2\/comments?post=778"}],"version-history":[{"count":0,"href":"https:\/\/wergi.pl\/en\/wp-json\/wp\/v2\/posts\/778\/revisions"}],"wp:featuredmedia":[{"embeddable":true,"href":"https:\/\/wergi.pl\/en\/wp-json\/wp\/v2\/media\/779"}],"wp:attachment":[{"href":"https:\/\/wergi.pl\/en\/wp-json\/wp\/v2\/media?parent=778"}],"wp:term":[{"taxonomy":"category","embeddable":true,"href":"https:\/\/wergi.pl\/en\/wp-json\/wp\/v2\/categories?post=778"},{"taxonomy":"post_tag","embeddable":true,"href":"https:\/\/wergi.pl\/en\/wp-json\/wp\/v2\/tags?post=778"}],"curies":[{"name":"wp","href":"https:\/\/api.w.org\/{rel}","templated":true}]}}