{"id":838,"date":"2018-08-16T12:30:36","date_gmt":"2018-08-16T10:30:36","guid":{"rendered":"https:\/\/wergi.pl\/?p=838"},"modified":"2019-03-06T13:37:50","modified_gmt":"2019-03-06T12:37:50","slug":"jedrzejczyk-vs-groenhart-na-mfc14","status":"publish","type":"post","link":"https:\/\/wergi.pl\/en\/jedrzejczyk-vs-groenhart-na-mfc14\/","title":{"rendered":"J\u0119drzejczyk vs Groenhart on MFC14!"},"content":{"rendered":"<p>The names of Clyde Petresa in the world of kickboxing do not need to be presented. He leads one of the most famous gyms in the world in the Netherlands. We talked with Tomasz Makowski, the head of the MFC organization on Friday 27 July. We asked him about the opposition &#8230; of Pawe\u0142 J\u0119drzejczyk, the current MFC Champion at the gala in Zielona G\u00f3ra on September 22. At that time, everything was not fit for the last button. The final decision was made during the weekend. &#8211; We talked a lot with Clyde Petres, he has a very good opponent for Pawe\u0142 for the September gala. It&#8217;s a very good name &#8211; Fernando Groenhart. Fernando also had a different offer to fight, but this for the MFC seemed to him more attractive &#8211; stresses &#8220;Maku&#8221; and adds: &#8211; This fight will be a hicior! In the past, Fernando Groenhart fought for very good organizations. I&#8217;m glad that we got along with the promoters.<\/p>\n<p>An interesting fact is that Groenhart is the brother of Murthel Groenharta, in the past the winner of the K-1 World MAX tournament. Since 2012, Murthel Groenhart has been associated with Glory. In 2017 he was even the champion of this top organization in the welter category, the title he lost in February 2018. And Pawe\u0142 J\u0119drzejczyk? It is not necessary to present this master more extensively. This includes several times WKN and WKA World Champion. He was the first Pole to fight for Glory. If all the titles of J\u0119drzejczyk were exchanged, a long litany would be made of it. In September 2017 he won the title of Master. Then he beat Guillermo Blokland. Fighting J\u0119drzejczyk &#8211; Groenhart, whose rate will be this master belt, really promises to be amazing. &#8221;<\/p>\n<p>Last minute information. &#8220;My immediate fight rate has increased, we will fight for three championship belts, I will defend the title of the MFC organization, of which I am a champion.&#8221; The next two titles are prestigious and well-known in the world ISKA and WKA. there are three belts or none, I always fight the same &#8211; it gives everything! &#8221; &#8211; says Pawe\u0142 J\u0119drzejczyk &#8230;<\/p>\n<table>\n<tbody>\n<tr>\n<td><img decoding=\"async\" loading=\"lazy\" class=\"alignnone wp-image-839 size-full\" src=\"https:\/\/wergi.pl\/wp-content\/uploads\/2018\/12\/MFC-postet_mini.jpg\" alt=\"\" width=\"400\" height=\"575\" \/><\/td>\n<td>\u00a0<img decoding=\"async\" loading=\"lazy\" class=\"alignnone wp-image-840 size-medium\" src=\"https:\/\/wergi.pl\/wp-content\/uploads\/2018\/12\/wergi-mfc2-450x563.png\" alt=\"\" width=\"450\" height=\"563\" srcset=\"https:\/\/wergi.pl\/wp-content\/uploads\/2018\/12\/wergi-mfc2-450x563.png 450w, https:\/\/wergi.pl\/wp-content\/uploads\/2018\/12\/wergi-mfc2.png 614w\" sizes=\"(max-width: 450px) 100vw, 450px\" \/><\/td>\n<\/tr>\n<\/tbody>\n<\/table>\n<p><iframe loading=\"lazy\" width=\"500\" height=\"281\" src=\"https:\/\/www.youtube.com\/embed\/C_BrvQfR8Ho?feature=oembed\" frameborder=\"0\" allow=\"accelerometer; autoplay; encrypted-media; gyroscope; picture-in-picture\" allowfullscreen><\/iframe><\/p>\n<p><iframe loading=\"lazy\" width=\"500\" height=\"281\" src=\"https:\/\/www.youtube.com\/embed\/9kdlRq5Kefo?feature=oembed\" frameborder=\"0\" allow=\"accelerometer; autoplay; encrypted-media; gyroscope; picture-in-picture\" allowfullscreen><\/iframe><\/p>\n<p><iframe loading=\"lazy\" width=\"500\" height=\"281\" src=\"https:\/\/www.youtube.com\/embed\/Wga85-UV0fw?feature=oembed\" frameborder=\"0\" allow=\"accelerometer; autoplay; encrypted-media; gyroscope; picture-in-picture\" allowfullscreen><\/iframe><\/p>\n<p><iframe loading=\"lazy\" width=\"500\" height=\"281\" src=\"https:\/\/www.youtube.com\/embed\/4QEvo5EyRZc?feature=oembed\" frameborder=\"0\" allow=\"accelerometer; autoplay; encrypted-media; gyroscope; picture-in-picture\" allowfullscreen><\/iframe><\/p>\n","protected":false},"excerpt":{"rendered":"<p>Pawe\u0142 J\u0119drzejczyk &#8211; Fernando Groenhart will be a hit match on the September MFC14. J\u0119drzejczyk is MFC Champion. In the past, Groenhart fought for significant federations, he is the brother of former Glory Champion.<\/p>\n","protected":false},"author":3,"featured_media":839,"comment_status":"closed","ping_status":"closed","sticky":false,"template":"","format":"standard","meta":{"ngg_post_thumbnail":0,"footnotes":""},"categories":[1],"tags":[],"acf":[],"yoast_head":"<!-- This site is optimized with the Yoast SEO plugin v21.3 - https:\/\/yoast.com\/wordpress\/plugins\/seo\/ -->\n<title>J\u0119drzejczyk vs Groenhart on MFC14! - Pawe\u0142 WERGI J\u0119drzejczyk<\/title>\n<meta name=\"robots\" content=\"index, follow, max-snippet:-1, max-image-preview:large, max-video-preview:-1\" \/>\n<link rel=\"canonical\" href=\"https:\/\/wergi.pl\/jedrzejczyk-vs-groenhart-na-mfc14\/\" \/>\n<meta property=\"og:locale\" content=\"en_US\" \/>\n<meta property=\"og:type\" content=\"article\" \/>\n<meta property=\"og:title\" content=\"J\u0119drzejczyk vs Groenhart on MFC14!\" \/>\n<meta property=\"og:description\" content=\"Pawe\u0142 J\u0119drzejczyk - Fernando Groenhart will be a hit match on the September MFC14. J\u0119drzejczyk is MFC Champion. In the past, Groenhart fought for significant federations, he is the brother of former Glory Champion.\" \/>\n<meta property=\"og:url\" content=\"https:\/\/wergi.pl\/jedrzejczyk-vs-groenhart-na-mfc14\/\" \/>\n<meta property=\"og:site_name\" content=\"Pawe\u0142 WERGI J\u0119drzejczyk\" \/>\n<meta property=\"article:publisher\" content=\"https:\/\/www.facebook.com\/pawel.jedrzejczyk2\" \/>\n<meta property=\"article:published_time\" content=\"2018-08-16T10:30:36+00:00\" \/>\n<meta property=\"article:modified_time\" content=\"2019-03-06T12:37:50+00:00\" \/>\n<meta property=\"og:image\" content=\"https:\/\/wergi.pl\/wp-content\/uploads\/2018\/12\/MFC-postet_mini.jpg\" \/>\n\t<meta property=\"og:image:width\" content=\"400\" \/>\n\t<meta property=\"og:image:height\" content=\"575\" \/>\n\t<meta property=\"og:image:type\" content=\"image\/jpeg\" \/>\n<meta name=\"author\" content=\"Damian Chmielewski\" \/>\n<meta name=\"twitter:card\" content=\"summary_large_image\" \/>\n<meta name=\"twitter:label1\" content=\"Written by\" \/>\n\t<meta name=\"twitter:data1\" content=\"Damian Chmielewski\" \/>\n\t<meta name=\"twitter:label2\" content=\"Est. reading time\" \/>\n\t<meta name=\"twitter:data2\" content=\"4 minutes\" \/>\n<script type=\"application\/ld+json\" class=\"yoast-schema-graph\">{\"@context\":\"https:\/\/schema.org\",\"@graph\":[{\"@type\":\"Article\",\"@id\":\"https:\/\/wergi.pl\/jedrzejczyk-vs-groenhart-na-mfc14\/#article\",\"isPartOf\":{\"@id\":\"https:\/\/wergi.pl\/jedrzejczyk-vs-groenhart-na-mfc14\/\"},\"author\":{\"name\":\"Damian Chmielewski\",\"@id\":\"https:\/\/wergi.pl\/#\/schema\/person\/03de2f2ac984ac537a6e090d63f70f19\"},\"headline\":\"J\u0119drzejczyk vs Groenhart on MFC14!\",\"datePublished\":\"2018-08-16T10:30:36+00:00\",\"dateModified\":\"2019-03-06T12:37:50+00:00\",\"mainEntityOfPage\":{\"@id\":\"https:\/\/wergi.pl\/jedrzejczyk-vs-groenhart-na-mfc14\/\"},\"wordCount\":750,\"publisher\":{\"@id\":\"https:\/\/wergi.pl\/#organization\"},\"articleSection\":[\"Bez kategorii\"],\"inLanguage\":\"en-US\"},{\"@type\":\"WebPage\",\"@id\":\"https:\/\/wergi.pl\/jedrzejczyk-vs-groenhart-na-mfc14\/\",\"url\":\"https:\/\/wergi.pl\/jedrzejczyk-vs-groenhart-na-mfc14\/\",\"name\":\"[:pl]J\u0119drzejczyk vs Groenhart on MFC14![:en]J\u0119drzejczyk vs Groenhart on MFC14![:] - Pawe\u0142 WERGI J\u0119drzejczyk\",\"isPartOf\":{\"@id\":\"https:\/\/wergi.pl\/#website\"},\"datePublished\":\"2018-08-16T10:30:36+00:00\",\"dateModified\":\"2019-03-06T12:37:50+00:00\",\"breadcrumb\":{\"@id\":\"https:\/\/wergi.pl\/jedrzejczyk-vs-groenhart-na-mfc14\/#breadcrumb\"},\"inLanguage\":\"en-US\",\"potentialAction\":[{\"@type\":\"ReadAction\",\"target\":[\"https:\/\/wergi.pl\/jedrzejczyk-vs-groenhart-na-mfc14\/\"]}]},{\"@type\":\"BreadcrumbList\",\"@id\":\"https:\/\/wergi.pl\/jedrzejczyk-vs-groenhart-na-mfc14\/#breadcrumb\",\"itemListElement\":[{\"@type\":\"ListItem\",\"position\":1,\"name\":\"Strona g\u0142\u00f3wna\",\"item\":\"https:\/\/wergi.pl\/\"},{\"@type\":\"ListItem\",\"position\":2,\"name\":\"J\u0119drzejczyk vs Groenhart on MFC14!\"}]},{\"@type\":\"WebSite\",\"@id\":\"https:\/\/wergi.pl\/#website\",\"url\":\"https:\/\/wergi.pl\/\",\"name\":\"Pawe\u0142 WERGI J\u0119drzejczyk\",\"description\":\"5 x Muay Thai, Kickboxing, K1 World Champion - WKN\/WKA\",\"publisher\":{\"@id\":\"https:\/\/wergi.pl\/#organization\"},\"potentialAction\":[{\"@type\":\"SearchAction\",\"target\":{\"@type\":\"EntryPoint\",\"urlTemplate\":\"https:\/\/wergi.pl\/?s={search_term_string}\"},\"query-input\":\"required name=search_term_string\"}],\"inLanguage\":\"en-US\"},{\"@type\":\"Organization\",\"@id\":\"https:\/\/wergi.pl\/#organization\",\"name\":\"Pawe\u0142 WERGI J\u0119drzejczyk\",\"url\":\"https:\/\/wergi.pl\/\",\"logo\":{\"@type\":\"ImageObject\",\"inLanguage\":\"en-US\",\"@id\":\"https:\/\/wergi.pl\/#\/schema\/logo\/image\/\",\"url\":\"https:\/\/wergi.pl\/wp-content\/uploads\/2019\/06\/wergigym.png\",\"contentUrl\":\"https:\/\/wergi.pl\/wp-content\/uploads\/2019\/06\/wergigym.png\",\"width\":95,\"height\":80,\"caption\":\"Pawe\u0142 WERGI J\u0119drzejczyk\"},\"image\":{\"@id\":\"https:\/\/wergi.pl\/#\/schema\/logo\/image\/\"},\"sameAs\":[\"https:\/\/www.facebook.com\/pawel.jedrzejczyk2\",\"https:\/\/www.instagram.com\/wergii\/\",\"https:\/\/www.youtube.com\/user\/kickeros12\"]},{\"@type\":\"Person\",\"@id\":\"https:\/\/wergi.pl\/#\/schema\/person\/03de2f2ac984ac537a6e090d63f70f19\",\"name\":\"Damian Chmielewski\"}]}<\/script>\n<!-- \/ Yoast SEO plugin. -->","yoast_head_json":{"title":"J\u0119drzejczyk vs Groenhart on MFC14! - Pawe\u0142 WERGI J\u0119drzejczyk","robots":{"index":"index","follow":"follow","max-snippet":"max-snippet:-1","max-image-preview":"max-image-preview:large","max-video-preview":"max-video-preview:-1"},"canonical":"https:\/\/wergi.pl\/jedrzejczyk-vs-groenhart-na-mfc14\/","og_locale":"en_US","og_type":"article","og_title":"[:pl]J\u0119drzejczyk vs Groenhart on MFC14![:en]J\u0119drzejczyk vs Groenhart on MFC14![:] - Pawe\u0142 WERGI J\u0119drzejczyk","og_description":"[:pl]Pojedynek Pawe\u0142 J\u0119drzejczyk \u2013 Fernando Groenhart b\u0119dzie hitowym starciem na wrze\u015bniowym MFC14. J\u0119drzejczyk jest mistrzem organizacji Tomasza Makowskiego. Groenhart w przesz\u0142o\u015bci bi\u0142 si\u0119 dla znacz\u0105cych federacji, to brat by\u0142ego Mistrza Glory.[:en]Pawe\u0142 J\u0119drzejczyk - Fernando Groenhart will be a hit match on the September MFC14. J\u0119drzejczyk is MFC Champion. In the past, Groenhart fought for significant federations, he is the brother of former Glory Champion.[:]","og_url":"https:\/\/wergi.pl\/jedrzejczyk-vs-groenhart-na-mfc14\/","og_site_name":"Pawe\u0142 WERGI J\u0119drzejczyk","article_publisher":"https:\/\/www.facebook.com\/pawel.jedrzejczyk2","article_published_time":"2018-08-16T10:30:36+00:00","article_modified_time":"2019-03-06T12:37:50+00:00","og_image":[{"width":400,"height":575,"url":"https:\/\/wergi.pl\/wp-content\/uploads\/2018\/12\/MFC-postet_mini.jpg","type":"image\/jpeg"}],"author":"Damian Chmielewski","twitter_card":"summary_large_image","twitter_misc":{"Written by":"Damian Chmielewski","Est. reading time":"4 minutes"},"schema":{"@context":"https:\/\/schema.org","@graph":[{"@type":"Article","@id":"https:\/\/wergi.pl\/jedrzejczyk-vs-groenhart-na-mfc14\/#article","isPartOf":{"@id":"https:\/\/wergi.pl\/jedrzejczyk-vs-groenhart-na-mfc14\/"},"author":{"name":"Damian Chmielewski","@id":"https:\/\/wergi.pl\/#\/schema\/person\/03de2f2ac984ac537a6e090d63f70f19"},"headline":"J\u0119drzejczyk vs Groenhart on MFC14!","datePublished":"2018-08-16T10:30:36+00:00","dateModified":"2019-03-06T12:37:50+00:00","mainEntityOfPage":{"@id":"https:\/\/wergi.pl\/jedrzejczyk-vs-groenhart-na-mfc14\/"},"wordCount":750,"publisher":{"@id":"https:\/\/wergi.pl\/#organization"},"articleSection":["Bez kategorii"],"inLanguage":"en-US"},{"@type":"WebPage","@id":"https:\/\/wergi.pl\/jedrzejczyk-vs-groenhart-na-mfc14\/","url":"https:\/\/wergi.pl\/jedrzejczyk-vs-groenhart-na-mfc14\/","name":"[:pl]J\u0119drzejczyk vs Groenhart on MFC14![:en]J\u0119drzejczyk vs Groenhart on MFC14![:] - Pawe\u0142 WERGI J\u0119drzejczyk","isPartOf":{"@id":"https:\/\/wergi.pl\/#website"},"datePublished":"2018-08-16T10:30:36+00:00","dateModified":"2019-03-06T12:37:50+00:00","breadcrumb":{"@id":"https:\/\/wergi.pl\/jedrzejczyk-vs-groenhart-na-mfc14\/#breadcrumb"},"inLanguage":"en-US","potentialAction":[{"@type":"ReadAction","target":["https:\/\/wergi.pl\/jedrzejczyk-vs-groenhart-na-mfc14\/"]}]},{"@type":"BreadcrumbList","@id":"https:\/\/wergi.pl\/jedrzejczyk-vs-groenhart-na-mfc14\/#breadcrumb","itemListElement":[{"@type":"ListItem","position":1,"name":"Strona g\u0142\u00f3wna","item":"https:\/\/wergi.pl\/"},{"@type":"ListItem","position":2,"name":"J\u0119drzejczyk vs Groenhart on MFC14!"}]},{"@type":"WebSite","@id":"https:\/\/wergi.pl\/#website","url":"https:\/\/wergi.pl\/","name":"Pawe\u0142 WERGI J\u0119drzejczyk","description":"5 x Muay Thai, Kickboxing, K1 World Champion - WKN\/WKA","publisher":{"@id":"https:\/\/wergi.pl\/#organization"},"potentialAction":[{"@type":"SearchAction","target":{"@type":"EntryPoint","urlTemplate":"https:\/\/wergi.pl\/?s={search_term_string}"},"query-input":"required name=search_term_string"}],"inLanguage":"en-US"},{"@type":"Organization","@id":"https:\/\/wergi.pl\/#organization","name":"Pawe\u0142 WERGI J\u0119drzejczyk","url":"https:\/\/wergi.pl\/","logo":{"@type":"ImageObject","inLanguage":"en-US","@id":"https:\/\/wergi.pl\/#\/schema\/logo\/image\/","url":"https:\/\/wergi.pl\/wp-content\/uploads\/2019\/06\/wergigym.png","contentUrl":"https:\/\/wergi.pl\/wp-content\/uploads\/2019\/06\/wergigym.png","width":95,"height":80,"caption":"Pawe\u0142 WERGI J\u0119drzejczyk"},"image":{"@id":"https:\/\/wergi.pl\/#\/schema\/logo\/image\/"},"sameAs":["https:\/\/www.facebook.com\/pawel.jedrzejczyk2","https:\/\/www.instagram.com\/wergii\/","https:\/\/www.youtube.com\/user\/kickeros12"]},{"@type":"Person","@id":"https:\/\/wergi.pl\/#\/schema\/person\/03de2f2ac984ac537a6e090d63f70f19","name":"Damian Chmielewski"}]}},"_links":{"self":[{"href":"https:\/\/wergi.pl\/en\/wp-json\/wp\/v2\/posts\/838"}],"collection":[{"href":"https:\/\/wergi.pl\/en\/wp-json\/wp\/v2\/posts"}],"about":[{"href":"https:\/\/wergi.pl\/en\/wp-json\/wp\/v2\/types\/post"}],"author":[{"embeddable":true,"href":"https:\/\/wergi.pl\/en\/wp-json\/wp\/v2\/users\/3"}],"replies":[{"embeddable":true,"href":"https:\/\/wergi.pl\/en\/wp-json\/wp\/v2\/comments?post=838"}],"version-history":[{"count":0,"href":"https:\/\/wergi.pl\/en\/wp-json\/wp\/v2\/posts\/838\/revisions"}],"wp:featuredmedia":[{"embeddable":true,"href":"https:\/\/wergi.pl\/en\/wp-json\/wp\/v2\/media\/839"}],"wp:attachment":[{"href":"https:\/\/wergi.pl\/en\/wp-json\/wp\/v2\/media?parent=838"}],"wp:term":[{"taxonomy":"category","embeddable":true,"href":"https:\/\/wergi.pl\/en\/wp-json\/wp\/v2\/categories?post=838"},{"taxonomy":"post_tag","embeddable":true,"href":"https:\/\/wergi.pl\/en\/wp-json\/wp\/v2\/tags?post=838"}],"curies":[{"name":"wp","href":"https:\/\/api.w.org\/{rel}","templated":true}]}}